{"id":806,"date":"2013-09-07T15:06:35","date_gmt":"2013-09-07T18:06:35","guid":{"rendered":"http:\/\/www.ronaldoonishi.com.br\/?p=806"},"modified":"2020-09-12T19:04:36","modified_gmt":"2020-09-12T22:04:36","slug":"prefeitura-inicia-a-reforma-da-maternidade-municipal","status":"publish","type":"post","link":"https:\/\/www.ronaldoonishi.com.br\/?p=806","title":{"rendered":"Prefeitura inicia a reforma da maternidade municipal"},"content":{"rendered":"\n<p class=\"wp-block-paragraph\">A reforma do Pronto Socorro da Antena, em Tabo\u00e3o da Serra, est\u00e1 em andamento desde julho deste ano. As obras da \u00e1rea administrativa j\u00e1 foram conclu\u00eddas, a segunda etapa ser\u00e1 a Maternidade, que ficar\u00e1 fechada at\u00e9 a conclus\u00e3o da obra no local. As gestantes ser\u00e3o encaminhadas ao PS Antena, que solicitar\u00e1 a vaga no Hospital Geral do Pirajussara ou em outra maternidade, caso n\u00e3o tenha no HGP.<\/p>\n\n\n\n<p class=\"wp-block-paragraph\">A maternidade ganhar\u00e1 uma recep\u00e7\u00e3o exclusiva, mais leitos, al\u00e9m de UTI Neonatal e um jardim de inverno. \u201cCom a reforma, a maternidade passar\u00e1 a ter 16 leitos, sendo quatro para partos normais e 12 para puerp\u00e9rio (p\u00f3s-parto), al\u00e9m de uma UTI Neonatal e uma Unidade de Cuidados Intermedi\u00e1rios Neonatais\u201d, conta. \u201cOutra grande novidade ser\u00e1 o jardim de inverno, para que as gestantes fa\u00e7am caminhadas, que ajudam nas contra\u00e7\u00f5es e s\u00e3o importantes na hora do parto\u201d, continua o prefeito.<\/p>\n\n\n\n<div class=\"wp-block-image\"><figure class=\"aligncenter size-large\"><img loading=\"lazy\" decoding=\"async\" width=\"640\" height=\"427\" src=\"http:\/\/www.ronaldoonishi.com.br\/wp-content\/uploads\/2020\/09\/image-89.jpeg\" alt=\"\" class=\"wp-image-807\" srcset=\"https:\/\/www.ronaldoonishi.com.br\/wp-content\/uploads\/2020\/09\/image-89.jpeg 640w, https:\/\/www.ronaldoonishi.com.br\/wp-content\/uploads\/2020\/09\/image-89-300x200.jpeg 300w\" sizes=\"auto, (max-width: 640px) 100vw, 640px\" \/><figcaption>Foto: Divulga\u00e7\u00e3o | Ricardo Vaz | <strong><em>Obras seguem em ritmo avan\u00e7ado no PS da Antena, em Tabo\u00e3o<\/em><\/strong><\/figcaption><\/figure><\/div>\n\n\n\n<p class=\"wp-block-paragraph\">Toda a estrutura do PS ser\u00e1 modificada, os servi\u00e7os foram distribu\u00eddos em etapas, para que mesmo com obras o PS Antena o atendimento \u00e0 popula\u00e7\u00e3o n\u00e3o seja interrompido. Quando a obra ocorrer nos locais que o p\u00fablico tiver acesso, haver\u00e1 o fechamento do espa\u00e7o com tapumes \u201cpara a seguran\u00e7a e o bom andamento dos servi\u00e7os\u201d, informou a assessoria de imprensa.<\/p>\n\n\n\n<p class=\"wp-block-paragraph\">As obras iniciaram em julho desde ano, o prazo de conclus\u00e3o est\u00e1 previsto para setembro de 2014. A ampla reforma no PS Antena inclui a cria\u00e7\u00e3o de sete leitos de UTI, fato in\u00e9dito em toda a regi\u00e3o. Com a cria\u00e7\u00e3o do setor, o Antena passar\u00e1 a ter 12 leitos de alta complexidade. \u201cO PS passa a ter tamb\u00e9m 21 leitos de interna\u00e7\u00e3o, sete leitos de UTI e cinco leitos de Unidade Semi-Intensiva\u201d, conclui Fernandes.<\/p>\n\n\n\n<p class=\"wp-block-paragraph\">Entre as melhorias est\u00e3o \u00e0s revis\u00f5es dos sistemas hidr\u00e1ulicos e el\u00e9tricos, da cobertura (incluindo complementos da mesma), da rede de \u00e1guas pluviais e esgotos, nos forros, nas portas e esquadrias met\u00e1licas e de madeira, (com eventual substitui\u00e7\u00e3o necess\u00e1ria), em toda rede de inc\u00eandio (extintores e AVCB), no piso e em toda a rede de telefonia. Al\u00e9m disso, est\u00e1 sendo realizada a adequa\u00e7\u00e3o de vesti\u00e1rios e sanit\u00e1rios, sendo trocadas as divis\u00f3rias e lou\u00e7as, e rede de gases medicinais, a substitui\u00e7\u00e3o de acabamentos sanit\u00e1rios, balc\u00f5es, bancadas e pias, a instala\u00e7\u00e3o de ventila\u00e7\u00e3o for\u00e7ada e adequa\u00e7\u00f5es civis nos ambientes e a pintura geral da unidade.<\/p>\n\n\n\n<p class=\"wp-block-paragraph\">Fonte:www.otaboanense.com.br<br>Por Rose Santana<\/p>\n<!-- AddThis Advanced Settings generic via filter on the_content --><!-- AddThis Share Buttons generic via filter on the_content -->","protected":false},"excerpt":{"rendered":"<p>A reforma do Pronto Socorro da Antena, em Tabo\u00e3o da Serra, est\u00e1 em andamento desde julho deste ano. As obras da \u00e1rea administrativa j\u00e1 foram conclu\u00eddas, a segunda etapa ser\u00e1 a Maternidade, que ficar\u00e1 fechada at\u00e9 a conclus\u00e3o da obra no local. As gestantes ser\u00e3o encaminhadas ao PS Antena, que solicitar\u00e1 a vaga no Hospital&hellip;<!-- AddThis Advanced Settings generic via filter on get_the_excerpt --><!-- AddThis Share Buttons generic via filter on get_the_excerpt --><\/p>\n","protected":false},"author":1,"featured_media":0,"comment_status":"open","ping_status":"open","sticky":false,"template":"","format":"standard","meta":{"_uag_custom_page_level_css":"","footnotes":""},"categories":[217],"tags":[],"class_list":["post-806","post","type-post","status-publish","format-standard","hentry","category-sem-categoria"],"featured_image_urls_v2":{"full":"","thumbnail":"","medium":"","medium_large":"","large":"","1536x1536":"","2048x2048":"","nucleare-normal-post":""},"post_excerpt_stackable_v2":"<p>A reforma do Pronto Socorro da Antena, em Tabo\u00e3o da Serra, est\u00e1 em andamento desde julho deste ano. As obras da \u00e1rea administrativa j\u00e1 foram conclu\u00eddas, a segunda etapa ser\u00e1 a Maternidade, que ficar\u00e1 fechada at\u00e9 a conclus\u00e3o da obra no local. As gestantes ser\u00e3o encaminhadas ao PS Antena, que solicitar\u00e1 a vaga no Hospital Geral do Pirajussara ou em outra maternidade, caso n\u00e3o tenha no HGP. A maternidade ganhar\u00e1 uma recep\u00e7\u00e3o exclusiva, mais leitos, al\u00e9m de UTI Neonatal e um jardim de inverno. \u201cCom a reforma, a maternidade passar\u00e1 a ter 16 leitos, sendo quatro para partos normais e&hellip;<\/p>\n<!-- AddThis Advanced Settings generic via filter on the_excerpt --><!-- AddThis Share Buttons generic via filter on the_excerpt -->","category_list_v2":"<a href=\"https:\/\/www.ronaldoonishi.com.br\/?cat=217\" rel=\"category\">\u00a0<\/a>","author_info_v2":{"name":"Assessoria do Vereador","url":"https:\/\/www.ronaldoonishi.com.br\/?author=1"},"comments_num_v2":"0 coment\u00e1rio","uagb_featured_image_src":{"full":false,"thumbnail":false,"medium":false,"medium_large":false,"large":false,"1536x1536":false,"2048x2048":false,"nucleare-normal-post":false},"uagb_author_info":{"display_name":"Assessoria do Vereador","author_link":"https:\/\/www.ronaldoonishi.com.br\/?author=1"},"uagb_comment_info":0,"uagb_excerpt":"A reforma do Pronto Socorro da Antena, em Tabo\u00e3o da Serra, est\u00e1 em andamento desde julho deste ano. As obras da \u00e1rea administrativa j\u00e1 foram conclu\u00eddas, a segunda etapa ser\u00e1 a Maternidade, que ficar\u00e1 fechada at\u00e9 a conclus\u00e3o da obra no local. As gestantes ser\u00e3o encaminhadas ao PS Antena, que solicitar\u00e1 a vaga no Hospital&hellip;","_links":{"self":[{"href":"https:\/\/www.ronaldoonishi.com.br\/index.php?rest_route=\/wp\/v2\/posts\/806","targetHints":{"allow":["GET"]}}],"collection":[{"href":"https:\/\/www.ronaldoonishi.com.br\/index.php?rest_route=\/wp\/v2\/posts"}],"about":[{"href":"https:\/\/www.ronaldoonishi.com.br\/index.php?rest_route=\/wp\/v2\/types\/post"}],"author":[{"embeddable":true,"href":"https:\/\/www.ronaldoonishi.com.br\/index.php?rest_route=\/wp\/v2\/users\/1"}],"replies":[{"embeddable":true,"href":"https:\/\/www.ronaldoonishi.com.br\/index.php?rest_route=%2Fwp%2Fv2%2Fcomments&post=806"}],"version-history":[{"count":1,"href":"https:\/\/www.ronaldoonishi.com.br\/index.php?rest_route=\/wp\/v2\/posts\/806\/revisions"}],"predecessor-version":[{"id":808,"href":"https:\/\/www.ronaldoonishi.com.br\/index.php?rest_route=\/wp\/v2\/posts\/806\/revisions\/808"}],"wp:attachment":[{"href":"https:\/\/www.ronaldoonishi.com.br\/index.php?rest_route=%2Fwp%2Fv2%2Fmedia&parent=806"}],"wp:term":[{"taxonomy":"category","embeddable":true,"href":"https:\/\/www.ronaldoonishi.com.br\/index.php?rest_route=%2Fwp%2Fv2%2Fcategories&post=806"},{"taxonomy":"post_tag","embeddable":true,"href":"https:\/\/www.ronaldoonishi.com.br\/index.php?rest_route=%2Fwp%2Fv2%2Ftags&post=806"}],"curies":[{"name":"wp","href":"https:\/\/api.w.org\/{rel}","templated":true}]}}