{"id":3721,"date":"2026-08-31T10:49:30","date_gmt":"2026-08-31T13:49:30","guid":{"rendered":"https:\/\/www.ronaldoonishi.com.br\/?p=3721"},"modified":"2026-08-31T10:49:30","modified_gmt":"2026-08-31T13:49:30","slug":"dr-ronaldo-onishi-participa-da-caminhada-azul-em-apoio-aos-candidatos-a-deputados-ely-santos-e-ney-santos","status":"publish","type":"post","link":"https:\/\/www.ronaldoonishi.com.br\/?p=3721","title":{"rendered":"Dr. Ronaldo Onishi participa da Caminhada Azul em apoio aos candidatos a deputados Ely Santos e Ney Santos"},"content":{"rendered":"<p class=\"isSelectedEnd\">O vereador Dr. Ronaldo Onishi participou, neste s\u00e1bado (29), da Caminhada Azul, mobiliza\u00e7\u00e3o realizada em apoio aos deputados Ely Santos, estadual, e Ney Santos, federal. O parlamentar esteve acompanhado de integrantes do grupo pol\u00edtico do prefeito de Tabo\u00e3o da Serra, Engenheiro Daniel, e da vice-prefeita \u00c9rica Franquini.<\/p>\n<p class=\"isSelectedEnd\">A atividade reuniu apoiadores, lideran\u00e7as pol\u00edticas e representantes do grupo ligado \u00e0 administra\u00e7\u00e3o municipal em uma demonstra\u00e7\u00e3o de apoio aos dois deputados. Dr. Ronaldo Onishi participou da caminhada ao lado das principais lideran\u00e7as do grupo pol\u00edtico, refor\u00e7ando sua presen\u00e7a nas articula\u00e7\u00f5es que envolvem as elei\u00e7\u00f5es.<\/p>\n<p class=\"isSelectedEnd\">Durante o percurso, os participantes levaram mensagens de apoio a Ely Santos e Ney Santos, em uma mobiliza\u00e7\u00e3o que reuniu diferentes representantes da pol\u00edtica regional.<\/p>\n<p class=\"isSelectedEnd\">A presen\u00e7a de Onishi ao lado do prefeito Engenheiro Daniel, da vice-prefeita \u00c9rica Franquini e de outros integrantes do grupo pol\u00edtico marcou mais um momento de uni\u00e3o em torno dos deputados apoiados pelo grupo em Tabo\u00e3o da Serra.<\/p>\n<p>A Caminhada Azul tamb\u00e9m serviu para aproximar lideran\u00e7as e apoiadores durante o per\u00edodo que antecede as elei\u00e7\u00f5es, fortalecendo a mobiliza\u00e7\u00e3o pol\u00edtica em torno das candidaturas de Ely Santos e Ney Santos.<\/p>\n<!-- AddThis Advanced Settings generic via filter on the_content --><!-- AddThis Share Buttons generic via filter on the_content -->","protected":false},"excerpt":{"rendered":"<p>O vereador Dr. Ronaldo Onishi participou, neste s\u00e1bado (29), da Caminhada Azul, mobiliza\u00e7\u00e3o realizada em apoio aos deputados Ely Santos, estadual, e Ney Santos, federal. O parlamentar esteve acompanhado de integrantes do grupo pol\u00edtico do prefeito de Tabo\u00e3o da Serra, Engenheiro Daniel, e da vice-prefeita \u00c9rica Franquini. A atividade reuniu apoiadores, lideran\u00e7as pol\u00edticas e representantes&hellip;<!-- AddThis Advanced Settings generic via filter on get_the_excerpt --><!-- AddThis Share Buttons generic via filter on get_the_excerpt --><\/p>\n","protected":false},"author":1,"featured_media":3722,"comment_status":"open","ping_status":"open","sticky":false,"template":"","format":"standard","meta":{"_uag_custom_page_level_css":"","footnotes":""},"categories":[217],"tags":[],"class_list":["post-3721","post","type-post","status-publish","format-standard","has-post-thumbnail","hentry","category-sem-categoria"],"featured_image_urls_v2":{"full":["https:\/\/www.ronaldoonishi.com.br\/wp-content\/uploads\/2026\/08\/WhatsApp-Image-2026-08-31-at-10.48.33.jpeg",852,375,false],"thumbnail":["https:\/\/www.ronaldoonishi.com.br\/wp-content\/uploads\/2026\/08\/WhatsApp-Image-2026-08-31-at-10.48.33-150x150.jpeg",150,150,true],"medium":["https:\/\/www.ronaldoonishi.com.br\/wp-content\/uploads\/2026\/08\/WhatsApp-Image-2026-08-31-at-10.48.33-300x132.jpeg",300,132,true],"medium_large":["https:\/\/www.ronaldoonishi.com.br\/wp-content\/uploads\/2026\/08\/WhatsApp-Image-2026-08-31-at-10.48.33-768x338.jpeg",650,286,true],"large":["https:\/\/www.ronaldoonishi.com.br\/wp-content\/uploads\/2026\/08\/WhatsApp-Image-2026-08-31-at-10.48.33.jpeg",650,286,false],"1536x1536":["https:\/\/www.ronaldoonishi.com.br\/wp-content\/uploads\/2026\/08\/WhatsApp-Image-2026-08-31-at-10.48.33.jpeg",852,375,false],"2048x2048":["https:\/\/www.ronaldoonishi.com.br\/wp-content\/uploads\/2026\/08\/WhatsApp-Image-2026-08-31-at-10.48.33.jpeg",852,375,false],"nucleare-normal-post":["https:\/\/www.ronaldoonishi.com.br\/wp-content\/uploads\/2026\/08\/WhatsApp-Image-2026-08-31-at-10.48.33-809x356.jpeg",809,356,true]},"post_excerpt_stackable_v2":"<p>O vereador Dr. Ronaldo Onishi participou, neste s\u00e1bado (29), da Caminhada Azul, mobiliza\u00e7\u00e3o realizada em apoio aos deputados Ely Santos, estadual, e Ney Santos, federal. O parlamentar esteve acompanhado de integrantes do grupo pol\u00edtico do prefeito de Tabo\u00e3o da Serra, Engenheiro Daniel, e da vice-prefeita \u00c9rica Franquini. A atividade reuniu apoiadores, lideran\u00e7as pol\u00edticas e representantes do grupo ligado \u00e0 administra\u00e7\u00e3o municipal em uma demonstra\u00e7\u00e3o de apoio aos dois deputados. Dr. Ronaldo Onishi participou da caminhada ao lado das principais lideran\u00e7as do grupo pol\u00edtico, refor\u00e7ando sua presen\u00e7a nas articula\u00e7\u00f5es que envolvem as elei\u00e7\u00f5es. Durante o percurso, os participantes levaram mensagens de&hellip;<\/p>\n<!-- AddThis Advanced Settings generic via filter on the_excerpt --><!-- AddThis Share Buttons generic via filter on the_excerpt -->","category_list_v2":"<a href=\"https:\/\/www.ronaldoonishi.com.br\/?cat=217\" rel=\"category\">\u00a0<\/a>","author_info_v2":{"name":"Assessoria do Vereador","url":"https:\/\/www.ronaldoonishi.com.br\/?author=1"},"comments_num_v2":"0 coment\u00e1rio","uagb_featured_image_src":{"full":["https:\/\/www.ronaldoonishi.com.br\/wp-content\/uploads\/2026\/08\/WhatsApp-Image-2026-08-31-at-10.48.33.jpeg",852,375,false],"thumbnail":["https:\/\/www.ronaldoonishi.com.br\/wp-content\/uploads\/2026\/08\/WhatsApp-Image-2026-08-31-at-10.48.33-150x150.jpeg",150,150,true],"medium":["https:\/\/www.ronaldoonishi.com.br\/wp-content\/uploads\/2026\/08\/WhatsApp-Image-2026-08-31-at-10.48.33-300x132.jpeg",300,132,true],"medium_large":["https:\/\/www.ronaldoonishi.com.br\/wp-content\/uploads\/2026\/08\/WhatsApp-Image-2026-08-31-at-10.48.33-768x338.jpeg",650,286,true],"large":["https:\/\/www.ronaldoonishi.com.br\/wp-content\/uploads\/2026\/08\/WhatsApp-Image-2026-08-31-at-10.48.33.jpeg",650,286,false],"1536x1536":["https:\/\/www.ronaldoonishi.com.br\/wp-content\/uploads\/2026\/08\/WhatsApp-Image-2026-08-31-at-10.48.33.jpeg",852,375,false],"2048x2048":["https:\/\/www.ronaldoonishi.com.br\/wp-content\/uploads\/2026\/08\/WhatsApp-Image-2026-08-31-at-10.48.33.jpeg",852,375,false],"nucleare-normal-post":["https:\/\/www.ronaldoonishi.com.br\/wp-content\/uploads\/2026\/08\/WhatsApp-Image-2026-08-31-at-10.48.33-809x356.jpeg",809,356,true]},"uagb_author_info":{"display_name":"Assessoria do Vereador","author_link":"https:\/\/www.ronaldoonishi.com.br\/?author=1"},"uagb_comment_info":0,"uagb_excerpt":"O vereador Dr. Ronaldo Onishi participou, neste s\u00e1bado (29), da Caminhada Azul, mobiliza\u00e7\u00e3o realizada em apoio aos deputados Ely Santos, estadual, e Ney Santos, federal. O parlamentar esteve acompanhado de integrantes do grupo pol\u00edtico do prefeito de Tabo\u00e3o da Serra, Engenheiro Daniel, e da vice-prefeita \u00c9rica Franquini. A atividade reuniu apoiadores, lideran\u00e7as pol\u00edticas e representantes&hellip;","_links":{"self":[{"href":"https:\/\/www.ronaldoonishi.com.br\/index.php?rest_route=\/wp\/v2\/posts\/3721","targetHints":{"allow":["GET"]}}],"collection":[{"href":"https:\/\/www.ronaldoonishi.com.br\/index.php?rest_route=\/wp\/v2\/posts"}],"about":[{"href":"https:\/\/www.ronaldoonishi.com.br\/index.php?rest_route=\/wp\/v2\/types\/post"}],"author":[{"embeddable":true,"href":"https:\/\/www.ronaldoonishi.com.br\/index.php?rest_route=\/wp\/v2\/users\/1"}],"replies":[{"embeddable":true,"href":"https:\/\/www.ronaldoonishi.com.br\/index.php?rest_route=%2Fwp%2Fv2%2Fcomments&post=3721"}],"version-history":[{"count":1,"href":"https:\/\/www.ronaldoonishi.com.br\/index.php?rest_route=\/wp\/v2\/posts\/3721\/revisions"}],"predecessor-version":[{"id":3723,"href":"https:\/\/www.ronaldoonishi.com.br\/index.php?rest_route=\/wp\/v2\/posts\/3721\/revisions\/3723"}],"wp:featuredmedia":[{"embeddable":true,"href":"https:\/\/www.ronaldoonishi.com.br\/index.php?rest_route=\/wp\/v2\/media\/3722"}],"wp:attachment":[{"href":"https:\/\/www.ronaldoonishi.com.br\/index.php?rest_route=%2Fwp%2Fv2%2Fmedia&parent=3721"}],"wp:term":[{"taxonomy":"category","embeddable":true,"href":"https:\/\/www.ronaldoonishi.com.br\/index.php?rest_route=%2Fwp%2Fv2%2Fcategories&post=3721"},{"taxonomy":"post_tag","embeddable":true,"href":"https:\/\/www.ronaldoonishi.com.br\/index.php?rest_route=%2Fwp%2Fv2%2Ftags&post=3721"}],"curies":[{"name":"wp","href":"https:\/\/api.w.org\/{rel}","templated":true}]}}