{"id":3717,"date":"2026-08-31T09:45:40","date_gmt":"2026-08-31T12:45:40","guid":{"rendered":"https:\/\/www.ronaldoonishi.com.br\/?p=3717"},"modified":"2026-08-31T09:45:40","modified_gmt":"2026-08-31T12:45:40","slug":"dr-ronaldo-onishi-acompanha-prefeito-engenheiro-daniel-em-visita-a-obras-em-andamento-em-taboao-da-serra","status":"publish","type":"post","link":"https:\/\/www.ronaldoonishi.com.br\/?p=3717","title":{"rendered":"Dr. Ronaldo Onishi acompanha prefeito Engenheiro Daniel em visita a obras em andamento em Tabo\u00e3o da Serra"},"content":{"rendered":"<p class=\"isSelectedEnd\">O vereador <strong>Dr. Ronaldo Onishi<\/strong> acompanhou o prefeito <strong>Engenheiro Daniel<\/strong> em uma agenda de visitas a obras e equipamentos p\u00fablicos que est\u00e3o em constru\u00e7\u00e3o, reforma ou implanta\u00e7\u00e3o em diferentes regi\u00f5es de <strong>Tabo\u00e3o da Serra<\/strong>. A atividade aconteceu nesta sexta-feira (28) e reuniu tamb\u00e9m a vice-prefeita \u00c9rica Franquini, outros vereadores e representantes da imprensa regional.<\/p>\n<p class=\"isSelectedEnd\">Ao longo do percurso, a comitiva passou por projetos de diferentes \u00e1reas, incluindo <strong>Sa\u00fade, Educa\u00e7\u00e3o, Seguran\u00e7a, Esporte, prote\u00e7\u00e3o animal e conviv\u00eancia social<\/strong>. A agenda teve como objetivo apresentar o andamento das interven\u00e7\u00f5es e os investimentos previstos para os pr\u00f3ximos meses.<\/p>\n<p class=\"isSelectedEnd\">Entre os locais visitados estiveram o futuro <strong>Centro TEA<\/strong>, o novo abrigo do SAICA, a <strong>Escola Asas Brancas<\/strong>, o novo <strong>Canil Municipal<\/strong>, o Centro de Conviv\u00eancia Amigos do Bairro, no Jardim das Oliveiras, a nova Base de Apoio da Guarda Civil Municipal (GCM), a EMI Magali, a EMEF Ugo Arduini, o Campo dos Santos (Mituzi) e a nova UBS Cerro Largo.<\/p>\n<h3>Sa\u00fade est\u00e1 entre os principais investimentos<\/h3>\n<p class=\"isSelectedEnd\">No setor da Sa\u00fade, um dos projetos apresentados durante a visita foi a <strong>UBS Cerro Largo<\/strong>, localizada no S\u00edtio das Madres. A nova unidade ter\u00e1 <strong>684 metros quadrados<\/strong>, ser\u00e1 classificada como Porte III e contar\u00e1 com investimento estimado em <strong>R$ 3,37 milh\u00f5es<\/strong>, por meio de recursos do Novo PAC Sa\u00fade.<\/p>\n<p class=\"isSelectedEnd\">Outro projeto acompanhado pela comitiva foi o futuro <strong>Centro TEA<\/strong>, que ser\u00e1 destinado ao atendimento de pessoas com Transtorno do Espectro Autista (TEA) e seus familiares.<\/p>\n<p class=\"isSelectedEnd\">Durante a agenda, o prefeito tamb\u00e9m informou que a administra\u00e7\u00e3o municipal trabalha para <strong>retomar as obras da UBS Laguna<\/strong>. J\u00e1 o projeto da <strong>UBS Maria Rosa<\/strong> est\u00e1 em fase de licita\u00e7\u00e3o.<\/p>\n<h3>Interven\u00e7\u00f5es tamb\u00e9m avan\u00e7am na Educa\u00e7\u00e3o<\/h3>\n<p class=\"isSelectedEnd\">Na \u00e1rea educacional, a Prefeitura apresentou interven\u00e7\u00f5es em unidades como a <strong>Escola Asas Brancas, EMI Magali e EMEF Ugo Arduini<\/strong>. Os trabalhos envolvem recupera\u00e7\u00e3o, adequa\u00e7\u00f5es e moderniza\u00e7\u00e3o das estruturas.<\/p>\n<p class=\"isSelectedEnd\">Para o vereador Dr. Ronaldo Onishi, o acompanhamento das obras nos bairros permite verificar de perto o andamento dos servi\u00e7os e conhecer as pr\u00f3ximas etapas dos projetos apresentados pela administra\u00e7\u00e3o municipal.<\/p>\n<h3>Prefeitura anuncia novos projetos<\/h3>\n<p class=\"isSelectedEnd\">Al\u00e9m das obras que j\u00e1 est\u00e3o em andamento, o prefeito Engenheiro Daniel apresentou projetos que devem entrar na programa\u00e7\u00e3o dos pr\u00f3ximos meses. Entre eles est\u00e3o o <strong>Parque das Hort\u00eansias<\/strong>, o <strong>Parque da Fam\u00edlia \u2013 Ol\u00edvio N\u00f3brega<\/strong>, novas fases do programa de recapeamento, interven\u00e7\u00f5es na regi\u00e3o do Jo\u00e3o C\u00e2ndido e melhorias no est\u00e1dio municipal.<\/p>\n<p class=\"isSelectedEnd\">Outro projeto citado durante a visita foi a <strong>Arena Multiuso<\/strong>, que dever\u00e1 contar tamb\u00e9m com o futuro Teatro Municipal. De acordo com a administra\u00e7\u00e3o, o in\u00edcio da obra ainda depende da libera\u00e7\u00e3o de recursos federais. A expectativa apresentada pelo prefeito \u00e9 iniciar os trabalhos ainda neste ano, ap\u00f3s o per\u00edodo eleitoral.<\/p>\n<p class=\"isSelectedEnd\">A Prefeitura tamb\u00e9m planeja reformular os pontos de \u00f4nibus do munic\u00edpio. A proposta prev\u00ea novos abrigos cobertos, estruturas em acr\u00edlico, totens eletr\u00f4nicos e informa\u00e7\u00f5es sobre hor\u00e1rios e itiner\u00e1rios das linhas. A previs\u00e3o anunciada \u00e9 que a implanta\u00e7\u00e3o comece no in\u00edcio do pr\u00f3ximo ano.<\/p>\n<h3>Agenda de acompanhamento<\/h3>\n<p class=\"isSelectedEnd\">Durante a visita, Daniel destacou a necessidade de acompanhar de forma cont\u00ednua a execu\u00e7\u00e3o dos servi\u00e7os p\u00fablicos e afirmou que novas agendas dever\u00e3o ser realizadas nas pr\u00f3ximas semanas.<\/p>\n<p>A proposta \u00e9 manter as visitas \u00e0s obras em diferentes bairros de Tabo\u00e3o da Serra, permitindo acompanhar a evolu\u00e7\u00e3o das interven\u00e7\u00f5es e apresentar \u00e0 popula\u00e7\u00e3o outros projetos previstos para a cidade.<\/p>\n<!-- AddThis Advanced Settings generic via filter on the_content --><!-- AddThis Share Buttons generic via filter on the_content -->","protected":false},"excerpt":{"rendered":"<p>O vereador Dr. Ronaldo Onishi acompanhou o prefeito Engenheiro Daniel em uma agenda de visitas a obras e equipamentos p\u00fablicos que est\u00e3o em constru\u00e7\u00e3o, reforma ou implanta\u00e7\u00e3o em diferentes regi\u00f5es de Tabo\u00e3o da Serra. A atividade aconteceu nesta sexta-feira (28) e reuniu tamb\u00e9m a vice-prefeita \u00c9rica Franquini, outros vereadores e representantes da imprensa regional. Ao&hellip;<!-- AddThis Advanced Settings generic via filter on get_the_excerpt --><!-- AddThis Share Buttons generic via filter on get_the_excerpt --><\/p>\n","protected":false},"author":1,"featured_media":3718,"comment_status":"open","ping_status":"open","sticky":false,"template":"","format":"standard","meta":{"_uag_custom_page_level_css":"","footnotes":""},"categories":[217],"tags":[],"class_list":["post-3717","post","type-post","status-publish","format-standard","has-post-thumbnail","hentry","category-sem-categoria"],"featured_image_urls_v2":{"full":["https:\/\/www.ronaldoonishi.com.br\/wp-content\/uploads\/2026\/08\/WhatsApp-Image-2026-08-31-at-09.43.47.jpeg",1280,720,false],"thumbnail":["https:\/\/www.ronaldoonishi.com.br\/wp-content\/uploads\/2026\/08\/WhatsApp-Image-2026-08-31-at-09.43.47-150x150.jpeg",150,150,true],"medium":["https:\/\/www.ronaldoonishi.com.br\/wp-content\/uploads\/2026\/08\/WhatsApp-Image-2026-08-31-at-09.43.47-300x169.jpeg",300,169,true],"medium_large":["https:\/\/www.ronaldoonishi.com.br\/wp-content\/uploads\/2026\/08\/WhatsApp-Image-2026-08-31-at-09.43.47-768x432.jpeg",650,366,true],"large":["https:\/\/www.ronaldoonishi.com.br\/wp-content\/uploads\/2026\/08\/WhatsApp-Image-2026-08-31-at-09.43.47-1024x576.jpeg",650,366,true],"1536x1536":["https:\/\/www.ronaldoonishi.com.br\/wp-content\/uploads\/2026\/08\/WhatsApp-Image-2026-08-31-at-09.43.47.jpeg",1280,720,false],"2048x2048":["https:\/\/www.ronaldoonishi.com.br\/wp-content\/uploads\/2026\/08\/WhatsApp-Image-2026-08-31-at-09.43.47.jpeg",1280,720,false],"nucleare-normal-post":["https:\/\/www.ronaldoonishi.com.br\/wp-content\/uploads\/2026\/08\/WhatsApp-Image-2026-08-31-at-09.43.47-809x455.jpeg",809,455,true]},"post_excerpt_stackable_v2":"<p>O vereador Dr. Ronaldo Onishi acompanhou o prefeito Engenheiro Daniel em uma agenda de visitas a obras e equipamentos p\u00fablicos que est\u00e3o em constru\u00e7\u00e3o, reforma ou implanta\u00e7\u00e3o em diferentes regi\u00f5es de Tabo\u00e3o da Serra. A atividade aconteceu nesta sexta-feira (28) e reuniu tamb\u00e9m a vice-prefeita \u00c9rica Franquini, outros vereadores e representantes da imprensa regional. Ao longo do percurso, a comitiva passou por projetos de diferentes \u00e1reas, incluindo Sa\u00fade, Educa\u00e7\u00e3o, Seguran\u00e7a, Esporte, prote\u00e7\u00e3o animal e conviv\u00eancia social. A agenda teve como objetivo apresentar o andamento das interven\u00e7\u00f5es e os investimentos previstos para os pr\u00f3ximos meses. Entre os locais visitados estiveram o&hellip;<\/p>\n<!-- AddThis Advanced Settings generic via filter on the_excerpt --><!-- AddThis Share Buttons generic via filter on the_excerpt -->","category_list_v2":"<a href=\"https:\/\/www.ronaldoonishi.com.br\/?cat=217\" rel=\"category\">\u00a0<\/a>","author_info_v2":{"name":"Assessoria do Vereador","url":"https:\/\/www.ronaldoonishi.com.br\/?author=1"},"comments_num_v2":"0 coment\u00e1rio","uagb_featured_image_src":{"full":["https:\/\/www.ronaldoonishi.com.br\/wp-content\/uploads\/2026\/08\/WhatsApp-Image-2026-08-31-at-09.43.47.jpeg",1280,720,false],"thumbnail":["https:\/\/www.ronaldoonishi.com.br\/wp-content\/uploads\/2026\/08\/WhatsApp-Image-2026-08-31-at-09.43.47-150x150.jpeg",150,150,true],"medium":["https:\/\/www.ronaldoonishi.com.br\/wp-content\/uploads\/2026\/08\/WhatsApp-Image-2026-08-31-at-09.43.47-300x169.jpeg",300,169,true],"medium_large":["https:\/\/www.ronaldoonishi.com.br\/wp-content\/uploads\/2026\/08\/WhatsApp-Image-2026-08-31-at-09.43.47-768x432.jpeg",650,366,true],"large":["https:\/\/www.ronaldoonishi.com.br\/wp-content\/uploads\/2026\/08\/WhatsApp-Image-2026-08-31-at-09.43.47-1024x576.jpeg",650,366,true],"1536x1536":["https:\/\/www.ronaldoonishi.com.br\/wp-content\/uploads\/2026\/08\/WhatsApp-Image-2026-08-31-at-09.43.47.jpeg",1280,720,false],"2048x2048":["https:\/\/www.ronaldoonishi.com.br\/wp-content\/uploads\/2026\/08\/WhatsApp-Image-2026-08-31-at-09.43.47.jpeg",1280,720,false],"nucleare-normal-post":["https:\/\/www.ronaldoonishi.com.br\/wp-content\/uploads\/2026\/08\/WhatsApp-Image-2026-08-31-at-09.43.47-809x455.jpeg",809,455,true]},"uagb_author_info":{"display_name":"Assessoria do Vereador","author_link":"https:\/\/www.ronaldoonishi.com.br\/?author=1"},"uagb_comment_info":0,"uagb_excerpt":"O vereador Dr. Ronaldo Onishi acompanhou o prefeito Engenheiro Daniel em uma agenda de visitas a obras e equipamentos p\u00fablicos que est\u00e3o em constru\u00e7\u00e3o, reforma ou implanta\u00e7\u00e3o em diferentes regi\u00f5es de Tabo\u00e3o da Serra. A atividade aconteceu nesta sexta-feira (28) e reuniu tamb\u00e9m a vice-prefeita \u00c9rica Franquini, outros vereadores e representantes da imprensa regional. Ao&hellip;","_links":{"self":[{"href":"https:\/\/www.ronaldoonishi.com.br\/index.php?rest_route=\/wp\/v2\/posts\/3717","targetHints":{"allow":["GET"]}}],"collection":[{"href":"https:\/\/www.ronaldoonishi.com.br\/index.php?rest_route=\/wp\/v2\/posts"}],"about":[{"href":"https:\/\/www.ronaldoonishi.com.br\/index.php?rest_route=\/wp\/v2\/types\/post"}],"author":[{"embeddable":true,"href":"https:\/\/www.ronaldoonishi.com.br\/index.php?rest_route=\/wp\/v2\/users\/1"}],"replies":[{"embeddable":true,"href":"https:\/\/www.ronaldoonishi.com.br\/index.php?rest_route=%2Fwp%2Fv2%2Fcomments&post=3717"}],"version-history":[{"count":1,"href":"https:\/\/www.ronaldoonishi.com.br\/index.php?rest_route=\/wp\/v2\/posts\/3717\/revisions"}],"predecessor-version":[{"id":3719,"href":"https:\/\/www.ronaldoonishi.com.br\/index.php?rest_route=\/wp\/v2\/posts\/3717\/revisions\/3719"}],"wp:featuredmedia":[{"embeddable":true,"href":"https:\/\/www.ronaldoonishi.com.br\/index.php?rest_route=\/wp\/v2\/media\/3718"}],"wp:attachment":[{"href":"https:\/\/www.ronaldoonishi.com.br\/index.php?rest_route=%2Fwp%2Fv2%2Fmedia&parent=3717"}],"wp:term":[{"taxonomy":"category","embeddable":true,"href":"https:\/\/www.ronaldoonishi.com.br\/index.php?rest_route=%2Fwp%2Fv2%2Fcategories&post=3717"},{"taxonomy":"post_tag","embeddable":true,"href":"https:\/\/www.ronaldoonishi.com.br\/index.php?rest_route=%2Fwp%2Fv2%2Ftags&post=3717"}],"curies":[{"name":"wp","href":"https:\/\/api.w.org\/{rel}","templated":true}]}}